{"id":210197,"date":"2024-04-08T13:44:11","date_gmt":"2024-04-08T11:44:11","guid":{"rendered":"http:\/\/timeline-germany.de\/?p=210197"},"modified":"2024-04-08T13:44:45","modified_gmt":"2024-04-08T11:44:45","slug":"weniger-besucher-bedeuten-auch-weniger-einnahmen","status":"publish","type":"post","link":"https:\/\/timeline-germany.de\/tr\/wirtschaft\/weniger-besucher-bedeuten-auch-weniger-einnahmen.html","title":{"rendered":"Weniger Besucher bedeuten auch weniger Einnahmen"},"content":{"rendered":"<p>Die R\u00fcckkehr der Mehrwertsteuer in der Gastronomie auf 19 Prozent vor drei Monaten hat f\u00fcr Unmut gesorgt. Wie sieht die Bilanz drei Monate sp\u00e4ter aus? &#8222;Wir haben f\u00fcnf G\u00e4ste, von denen sich vier etwas zu essen bestellen, aber keiner von ihnen etwas trinkt. Zwei G\u00e4ste teilen sich eine Portion &#8211; das ist in Ordnung, denn wir sind daf\u00fcr bekannt, gro\u00dfz\u00fcgige Portionen anzubieten. Einer der G\u00e4ste geht immer wieder zu seinem Auto, um Wasser aus einer Flasche zu trinken. Als Gastgeber kann man da nur den Kopf sch\u00fctteln&#8220;, seufzt Gastronom Adrian Valdes. F\u00fcr den durstigen Gast hat er dann &#8222;Kranwasser&#8220; &#8211; also Leitungswasser &#8211; angeboten, &#8222;nat\u00fcrlich kostenlos&#8220;. Valdes f\u00fchrt bereits in der dritten Generation das Mexico Lindo in der Mainzer Innenstadt. Das Restaurant bietet Tex-Mex-K\u00fcche in einem familienfreundlichen Ambiente mit gro\u00dfen Tischen, an denen die G\u00e4ste zusammenkommen k\u00f6nnen. Vor allem an Wochenenden verzeichnet das Restaurant immer noch einen guten Besuch, jedoch sp\u00fcrt Valdes unter der Woche deutlich die Zur\u00fcckhaltung der Kunden &#8211; das Gesch\u00e4ft hat noch lange nicht das Niveau vor der Corona-Pandemie erreicht. &#8222;Nat\u00fcrlich mussten wir die Preise erh\u00f6hen, denn alles ist teurer geworden. Ich m\u00f6chte mein Personal fair bezahlen und nicht ausbeuten&#8220;, betont Valdes. Besonders ver\u00e4rgert den Gastronomen die Anpassung der Mehrwertsteuer. &#8222;Wir sind machtlos und haben keine Kontrolle \u00fcber die \u00e4u\u00dferen Umst\u00e4nde. Das Versprechen, die Senkung beizubehalten, wurde einfach gebrochen.&#8220;<\/p>","protected":false},"excerpt":{"rendered":"<p>Die R\u00fcckkehr der Mehrwertsteuer in der Gastronomie auf 19 Prozent vor drei Monaten hat f\u00fcr Unmut gesorgt. Wie sieht die<\/p>","protected":false},"author":5,"featured_media":210198,"comment_status":"closed","ping_status":"open","sticky":false,"template":"","format":"standard","meta":{"colormag_page_container_layout":"default_layout","colormag_page_sidebar_layout":"default_layout","footnotes":""},"categories":[299,25,19],"tags":[],"class_list":["post-210197","post","type-post","status-publish","format-standard","has-post-thumbnail","hentry","category-aktuell","category-topnews","category-wirtschaft"],"aioseo_notices":[],"_links":{"self":[{"href":"https:\/\/timeline-germany.de\/tr\/wp-json\/wp\/v2\/posts\/210197","targetHints":{"allow":["GET"]}}],"collection":[{"href":"https:\/\/timeline-germany.de\/tr\/wp-json\/wp\/v2\/posts"}],"about":[{"href":"https:\/\/timeline-germany.de\/tr\/wp-json\/wp\/v2\/types\/post"}],"author":[{"embeddable":true,"href":"https:\/\/timeline-germany.de\/tr\/wp-json\/wp\/v2\/users\/5"}],"replies":[{"embeddable":true,"href":"https:\/\/timeline-germany.de\/tr\/wp-json\/wp\/v2\/comments?post=210197"}],"version-history":[{"count":1,"href":"https:\/\/timeline-germany.de\/tr\/wp-json\/wp\/v2\/posts\/210197\/revisions"}],"predecessor-version":[{"id":210199,"href":"https:\/\/timeline-germany.de\/tr\/wp-json\/wp\/v2\/posts\/210197\/revisions\/210199"}],"wp:featuredmedia":[{"embeddable":true,"href":"https:\/\/timeline-germany.de\/tr\/wp-json\/wp\/v2\/media\/210198"}],"wp:attachment":[{"href":"https:\/\/timeline-germany.de\/tr\/wp-json\/wp\/v2\/media?parent=210197"}],"wp:term":[{"taxonomy":"category","embeddable":true,"href":"https:\/\/timeline-germany.de\/tr\/wp-json\/wp\/v2\/categories?post=210197"},{"taxonomy":"post_tag","embeddable":true,"href":"https:\/\/timeline-germany.de\/tr\/wp-json\/wp\/v2\/tags?post=210197"}],"curies":[{"name":"wp","href":"https:\/\/api.w.org\/{rel}","templated":true}]}}